{"id":1659,"date":"2021-06-04T21:36:45","date_gmt":"2021-06-05T02:36:45","guid":{"rendered":"https:\/\/blog-test.local\/?p=1659"},"modified":"2021-06-04T21:36:45","modified_gmt":"2021-06-05T02:36:45","slug":"ejercer-el-voto-de-forma-consciente","status":"publish","type":"post","link":"https:\/\/www.etta.edu.mx\/blogu\/ejercer-el-voto-de-forma-consciente\/","title":{"rendered":"Ejercer el voto de forma consciente"},"content":{"rendered":"<h2><img decoding=\"async\" class=\"alignleft  wp-image-1661\" src=\"https:\/\/etta.edu.mx\/blogu\/wp-content\/uploads\/2021\/06\/voto-2-150x150.png\" alt=\"\" width=\"197\" height=\"197\" srcset=\"https:\/\/www.etta.edu.mx\/blogu\/wp-content\/uploads\/2021\/06\/voto-2-150x150.png 150w, https:\/\/www.etta.edu.mx\/blogu\/wp-content\/uploads\/2021\/06\/voto-2-60x60.png 60w\" sizes=\"(max-width: 197px) 100vw, 197px\" \/><\/h2>\n<h2>6 de Junio dia de elecciones<\/h2>\n<p>El domingo todo M\u00e9xico tiene una cita marcada en la agenda, en el art\u00edculo de hoy, nos gustar\u00eda rese\u00f1ar ciertos aspectos menos tangibles pero igual o m\u00e1s importantes que marcar\u00e1n una diferencia al tachar la casilla de tu preferencia.<em> \u00a0Recomendaciones para ejercer el derecho al voto de forma consciente<\/em><\/p>\n<p>Cabe aclarar que ninguna de estas recomendaciones est\u00e1 relacionada con una tendencia o partido pol\u00edtico s\u00f3lo con la conciencia de cualquier ciudadano y su papel en la democracia.<\/p>\n<h2><\/h2>\n<h2><img decoding=\"async\" class=\"wp-image-1662 alignright\" src=\"https:\/\/etta.edu.mx\/blogu\/wp-content\/uploads\/2021\/06\/voto-3-150x150.png\" alt=\"\" width=\"189\" height=\"189\" srcset=\"https:\/\/www.etta.edu.mx\/blogu\/wp-content\/uploads\/2021\/06\/voto-3-150x150.png 150w, https:\/\/www.etta.edu.mx\/blogu\/wp-content\/uploads\/2021\/06\/voto-3-60x60.png 60w\" sizes=\"(max-width: 189px) 100vw, 189px\" \/><\/h2>\n<h2>Democracia<\/h2>\n<p>El primer punto que debemos visualizar es qu\u00e9 es la democracia para m\u00ed, qu\u00e9 represent\u00f3 en la historia de mi sociedad y d\u00f3nde quedo yo con este relevo generacional.<\/p>\n<p>No te preocupes, no pretendemos darte una lecci\u00f3n filos\u00f3fica, jur\u00eddica y pol\u00edtica al respecto, pero, cuando uno va a participar en algo lo primero que deber\u00edamos hacer es ubicarnos en el hecho. <em>Recomendaciones para ejercer el derecho al voto de forma consciente<\/em><\/p>\n<p>&nbsp;<\/p>\n<p>Recuerda que luchamos contra el piloto autom\u00e1tico y la democracia es una herramienta \u00a0 \u00a0maravillosa para activar la conciencia.<\/p>\n<h3><\/h3>\n<p><img decoding=\"async\" class=\"alignleft  wp-image-1663\" src=\"https:\/\/etta.edu.mx\/blogu\/wp-content\/uploads\/2021\/06\/voto-4-150x150.png\" alt=\"\" width=\"210\" height=\"210\" srcset=\"https:\/\/www.etta.edu.mx\/blogu\/wp-content\/uploads\/2021\/06\/voto-4-150x150.png 150w, https:\/\/www.etta.edu.mx\/blogu\/wp-content\/uploads\/2021\/06\/voto-4-60x60.png 60w\" sizes=\"(max-width: 210px) 100vw, 210px\" \/><\/p>\n<h3>Nace en Atenas<\/h3>\n<p>Dicho esto, la democracia es una forma de gobierno que naci\u00f3 en Atenas en el siglo V a.C. y, como su mismo nombre indica, implicaba darle al pueblo el poder de decidir. No obstante, esta forma de gobierno fue evolucionando, ya que, en este poder del pueblo inicial no todos pod\u00edan participar porque no todos eran considerados \u201cpueblo\u201d, de este modo, quedaban excluidos del proceso ateniense mujeres, extranjeros y esclavos.<\/p>\n<h3><\/h3>\n<h3>La primera vez en las urnas<\/h3>\n<p>Pongamos el caso de las mujeres mexicanas como ejemplo de evoluci\u00f3n, desde el siglo V a.C. que naci\u00f3 el concepto no fue hasta 1955 cuando las mujeres mexicanas pudieron participar por primera vez en las urnas. En el continente europeo no se dio mucho antes, las primeras elecciones en las que las mujeres pudieron participar se dieron en Gran Breta\u00f1a en 1918.<\/p>\n<p>&nbsp;<\/p>\n<p><img loading=\"lazy\" decoding=\"async\" class=\"alignleft  wp-image-1664\" src=\"https:\/\/etta.edu.mx\/blogu\/wp-content\/uploads\/2021\/06\/voto-5-150x150.png\" alt=\"\" width=\"181\" height=\"181\" srcset=\"https:\/\/www.etta.edu.mx\/blogu\/wp-content\/uploads\/2021\/06\/voto-5-150x150.png 150w, https:\/\/www.etta.edu.mx\/blogu\/wp-content\/uploads\/2021\/06\/voto-5-60x60.png 60w\" sizes=\"(max-width: 181px) 100vw, 181px\" \/><\/p>\n<h2>Reflexiona<\/h2>\n<p>As\u00ed que la historia de la democracia es una larga y convulsa carrera de fondo llena de injusticias, arrestos, crueldades y muerte. El ser humano que olvida su historia est\u00e1 condenado a repetir los errores sin fin, por eso, este domingo, t\u00f3mate un tiempo para pensar en todos aquellos que sufrieron para que el voto sea hoy algo cotidiano, incluso, sencillo y para algunos hasta tedioso.<\/p>\n<h3><\/h3>\n<p>&nbsp;<\/p>\n<h3><img loading=\"lazy\" decoding=\"async\" class=\"size-thumbnail wp-image-1666 alignright\" src=\"https:\/\/etta.edu.mx\/blogu\/wp-content\/uploads\/2021\/06\/voto-7-150x150.png\" alt=\"\" width=\"150\" height=\"150\" srcset=\"https:\/\/www.etta.edu.mx\/blogu\/wp-content\/uploads\/2021\/06\/voto-7-150x150.png 150w, https:\/\/www.etta.edu.mx\/blogu\/wp-content\/uploads\/2021\/06\/voto-7-60x60.png 60w\" sizes=\"(max-width: 150px) 100vw, 150px\" \/>Analiza<\/h3>\n<p>Revisa tu actitud ante el proceso, sabemos que el des\u00e1nimo general por la realidad econ\u00f3mica y pol\u00edtica puede ser abrumador, las opciones pol\u00edticas pueden no llenar las expectativas pero existen y nosotros somos lo m\u00e1s importante en el proceso.<\/p>\n<p>&nbsp;<\/p>\n<p>&nbsp;<\/p>\n<p>&nbsp;<\/p>\n<h2><img loading=\"lazy\" decoding=\"async\" class=\"alignleft  wp-image-1667\" src=\"https:\/\/etta.edu.mx\/blogu\/wp-content\/uploads\/2021\/06\/voto-8-150x150.png\" alt=\"\" width=\"192\" height=\"192\" srcset=\"https:\/\/www.etta.edu.mx\/blogu\/wp-content\/uploads\/2021\/06\/voto-8-150x150.png 150w, https:\/\/www.etta.edu.mx\/blogu\/wp-content\/uploads\/2021\/06\/voto-8-60x60.png 60w\" sizes=\"(max-width: 192px) 100vw, 192px\" \/>Investiga<\/h2>\n<p>Los pol\u00edticos nos necesitan y nos sirven, cuida tu participaci\u00f3n, piensa y analiza la historia de cada partido y sus candidatos, sus promesas electorales vac\u00edas no son nada frente al peso de sus hechos, as\u00ed que si sientes que ninguno proporciona un discurso coherente para ti, investiga qu\u00e9 han hecho realmente en los \u00faltimos tiempos.<\/p>\n<h2><\/h2>\n<h2><\/h2>\n<h2><img loading=\"lazy\" decoding=\"async\" class=\"wp-image-1668 alignright\" src=\"https:\/\/etta.edu.mx\/blogu\/wp-content\/uploads\/2021\/06\/voto-9-150x150.png\" alt=\"\" width=\"210\" height=\"210\" srcset=\"https:\/\/www.etta.edu.mx\/blogu\/wp-content\/uploads\/2021\/06\/voto-9-150x150.png 150w, https:\/\/www.etta.edu.mx\/blogu\/wp-content\/uploads\/2021\/06\/voto-9-60x60.png 60w\" sizes=\"(max-width: 210px) 100vw, 210px\" \/>An\u00edmate<\/h2>\n<p>&nbsp;<\/p>\n<p>No acudas a votar desanimado pensando que nada en tu vida va a cambiar porque, de entrada, t\u00fa has cambiado, eres un ciudadano consciente de su historia y su papel, orgulloso de los que no tuvieron nombre pero s\u00ed tuvieron peso y acci\u00f3n.<\/p>\n<h3><\/h3>\n<h3><\/h3>\n<h3>Agradece<\/h3>\n<p>Si observas irregularidades, rep\u00f3rtalas, no te silencies y, sobre todo, agradece a cada persona que est\u00e1 dando su tiempo en la casilla electoral, ded\u00edcales unas palabras y ver\u00e1s c\u00f3mo su semblante cambia y el proceso se vuelve m\u00e1s significativo y alegre.<\/p>\n<p><img loading=\"lazy\" decoding=\"async\" class=\"alignleft  wp-image-1665\" src=\"https:\/\/etta.edu.mx\/blogu\/wp-content\/uploads\/2021\/06\/voto-6-150x150.png\" alt=\"\" width=\"198\" height=\"198\" srcset=\"https:\/\/www.etta.edu.mx\/blogu\/wp-content\/uploads\/2021\/06\/voto-6-150x150.png 150w, https:\/\/www.etta.edu.mx\/blogu\/wp-content\/uploads\/2021\/06\/voto-6-60x60.png 60w\" sizes=\"(max-width: 198px) 100vw, 198px\" \/><\/p>\n<p>&nbsp;<\/p>\n<p>&nbsp;<\/p>\n<p>Sigue de cerca lo que sucede en tu ciudad, en tu estado y en tu pa\u00eds, revisa, exige y participa porque tu voz importa.<\/p>\n","protected":false},"excerpt":{"rendered":"<p>6 de Junio dia de elecciones El domingo todo M\u00e9xico tiene una cita marcada en la agenda, en el art\u00edculo de hoy, nos gustar\u00eda rese\u00f1ar ciertos aspectos menos tangibles pero igual o m\u00e1s importantes que marcar\u00e1n una diferencia al tachar la casilla de tu preferencia. \u00a0Recomendaciones para ejercer el derecho al voto de forma consciente [&hellip;]<\/p>\n","protected":false},"author":3,"featured_media":1660,"comment_status":"open","ping_status":"open","sticky":false,"template":"","format":"standard","meta":{"footnotes":""},"categories":[125,35],"tags":[36],"class_list":["post-1659","post","type-post","status-publish","format-standard","has-post-thumbnail","hentry","category-consejos","category-interes","tag-temas-de-interes"],"_links":{"self":[{"href":"https:\/\/www.etta.edu.mx\/blogu\/wp-json\/wp\/v2\/posts\/1659","targetHints":{"allow":["GET"]}}],"collection":[{"href":"https:\/\/www.etta.edu.mx\/blogu\/wp-json\/wp\/v2\/posts"}],"about":[{"href":"https:\/\/www.etta.edu.mx\/blogu\/wp-json\/wp\/v2\/types\/post"}],"author":[{"embeddable":true,"href":"https:\/\/www.etta.edu.mx\/blogu\/wp-json\/wp\/v2\/users\/3"}],"replies":[{"embeddable":true,"href":"https:\/\/www.etta.edu.mx\/blogu\/wp-json\/wp\/v2\/comments?post=1659"}],"version-history":[{"count":1,"href":"https:\/\/www.etta.edu.mx\/blogu\/wp-json\/wp\/v2\/posts\/1659\/revisions"}],"predecessor-version":[{"id":1669,"href":"https:\/\/www.etta.edu.mx\/blogu\/wp-json\/wp\/v2\/posts\/1659\/revisions\/1669"}],"wp:featuredmedia":[{"embeddable":true,"href":"https:\/\/www.etta.edu.mx\/blogu\/wp-json\/wp\/v2\/media\/1660"}],"wp:attachment":[{"href":"https:\/\/www.etta.edu.mx\/blogu\/wp-json\/wp\/v2\/media?parent=1659"}],"wp:term":[{"taxonomy":"category","embeddable":true,"href":"https:\/\/www.etta.edu.mx\/blogu\/wp-json\/wp\/v2\/categories?post=1659"},{"taxonomy":"post_tag","embeddable":true,"href":"https:\/\/www.etta.edu.mx\/blogu\/wp-json\/wp\/v2\/tags?post=1659"}],"curies":[{"name":"wp","href":"https:\/\/api.w.org\/{rel}","templated":true}]}}