{"id":1936,"date":"2021-08-11T02:13:46","date_gmt":"2021-08-11T07:13:46","guid":{"rendered":"https:\/\/blog-test.local\/?p=1936"},"modified":"2021-08-11T02:13:46","modified_gmt":"2021-08-11T07:13:46","slug":"consecuencias-para-la-salud-por-el-uso-excesivo-de-dispositivos-electronicos","status":"publish","type":"post","link":"https:\/\/www.etta.edu.mx\/blogu\/consecuencias-para-la-salud-por-el-uso-excesivo-de-dispositivos-electronicos\/","title":{"rendered":"Consecuencias para la salud por el uso excesivo de dispositivos electr\u00f3nicos"},"content":{"rendered":"<h1><img decoding=\"async\" class=\"alignleft size-thumbnail wp-image-1942\" src=\"https:\/\/etta.edu.mx\/blogu\/wp-content\/uploads\/2021\/08\/Unknown-4-1-150x150.jpeg\" alt=\"\" width=\"150\" height=\"150\" srcset=\"https:\/\/www.etta.edu.mx\/blogu\/wp-content\/uploads\/2021\/08\/Unknown-4-1-150x150.jpeg 150w, https:\/\/www.etta.edu.mx\/blogu\/wp-content\/uploads\/2021\/08\/Unknown-4-1-60x60.jpeg 60w\" sizes=\"(max-width: 150px) 100vw, 150px\" \/>Datos de INEGI<\/h1>\n<p>Seg\u00fan datos recogidos por el INEGI durante el pasado a\u00f1o 2020, en M\u00e9xico, exist\u00edan 84.1 millones de usuarios de Internet, lo que representa el 72.0% de la poblaci\u00f3n de seis a\u00f1os o m\u00e1s y 88.2 millones de usuarios de tel\u00e9fonos celulares, de los cuales el 91.8% son tel\u00e9fonos inteligentes o smartphones.<\/p>\n<p>&nbsp;<\/p>\n<h2>Uso excesivo de dispositivos electr\u00f3nicos<\/h2>\n<p>La situaci\u00f3n actual de pandemia global ha venido a aumentar la cantidad de horas que pasamos conectados a dispositivos electr\u00f3nicos y a Internet por lo que multitud de estudios a nivel m\u00e9dico se han llevado a cabo para alertar sobre las consecuencias del uso excesivo de estos dispositivos.<\/p>\n<p>&nbsp;<\/p>\n<p>&nbsp;<\/p>\n<h3><img decoding=\"async\" class=\"alignleft size-thumbnail wp-image-1940\" src=\"https:\/\/etta.edu.mx\/blogu\/wp-content\/uploads\/2021\/08\/Unknown-2-1-150x150.jpeg\" alt=\"\" width=\"150\" height=\"150\" srcset=\"https:\/\/www.etta.edu.mx\/blogu\/wp-content\/uploads\/2021\/08\/Unknown-2-1-150x150.jpeg 150w, https:\/\/www.etta.edu.mx\/blogu\/wp-content\/uploads\/2021\/08\/Unknown-2-1-60x60.jpeg 60w\" sizes=\"(max-width: 150px) 100vw, 150px\" \/><\/h3>\n<h3>Equilibrio<\/h3>\n<p>Como bien dice el refr\u00e1n, en el equilibrio est\u00e1 la virtud y cualquier herramienta, afici\u00f3n o tendencia llevada al extremo puede tener consecuencias no tan positivas para los seres humanos.<\/p>\n<p>&nbsp;<\/p>\n<h4>Dependencia<\/h4>\n<p>Este es el caso de la adicci\u00f3n a los dispositivos electr\u00f3nicos, en los \u00faltimos a\u00f1os, nos hemos vuelto dependientes tecnol\u00f3gicos porque utilizamos aplicaciones para pr\u00e1cticamente todo, desde cocinar, viajar o relajarnos, as\u00ed y sin darnos cuenta, el celular ha pasado a ser una extensi\u00f3n de nuestro cuerpo en todo momento.<\/p>\n<p>&nbsp;<\/p>\n<h4><img decoding=\"async\" class=\"alignleft size-thumbnail wp-image-1940\" src=\"https:\/\/etta.edu.mx\/blogu\/wp-content\/uploads\/2021\/08\/Unknown-2-1-150x150.jpeg\" alt=\"\" width=\"150\" height=\"150\" srcset=\"https:\/\/www.etta.edu.mx\/blogu\/wp-content\/uploads\/2021\/08\/Unknown-2-1-150x150.jpeg 150w, https:\/\/www.etta.edu.mx\/blogu\/wp-content\/uploads\/2021\/08\/Unknown-2-1-60x60.jpeg 60w\" sizes=\"(max-width: 150px) 100vw, 150px\" \/><\/h4>\n<h4>Consecuencias<\/h4>\n<p>Hoy hemos reunido las principales consecuencias del uso excesivo de estos dispositivos en la salud f\u00edsica para realizar un uso m\u00e1s consciente y respetuoso que permita conciliar y cuidar lo m\u00e1s sagrado que tenemos: nuestro cuerpo.<\/p>\n<p>&nbsp;<\/p>\n<p>&nbsp;<\/p>\n<p>&nbsp;<\/p>\n<h3><img decoding=\"async\" class=\"alignleft size-thumbnail wp-image-1941\" src=\"https:\/\/etta.edu.mx\/blogu\/wp-content\/uploads\/2021\/08\/Unknown-3-1-150x150.jpeg\" alt=\"\" width=\"150\" height=\"150\" srcset=\"https:\/\/www.etta.edu.mx\/blogu\/wp-content\/uploads\/2021\/08\/Unknown-3-1-150x150.jpeg 150w, https:\/\/www.etta.edu.mx\/blogu\/wp-content\/uploads\/2021\/08\/Unknown-3-1-60x60.jpeg 60w\" sizes=\"(max-width: 150px) 100vw, 150px\" \/>Text neck<\/h3>\n<p>Mala postura: En ingl\u00e9s se conoce como \u201cText neck\u201d y se da cuando inclinamos el cuello para observar la pantalla. Al hacer esto sometemos a los m\u00fasculos cervicales delanteros y traseros a una presi\u00f3n de hasta 30 kg y esta presi\u00f3n puede llegar a generar dolores musculares intensos, mareos y migra\u00f1as.<\/p>\n<p>&nbsp;<\/p>\n<h4><\/h4>\n<p>&nbsp;<\/p>\n<h4><img loading=\"lazy\" decoding=\"async\" class=\"alignleft size-thumbnail wp-image-1938\" src=\"https:\/\/etta.edu.mx\/blogu\/wp-content\/uploads\/2021\/08\/Unknown-7-150x150.jpeg\" alt=\"\" width=\"150\" height=\"150\" srcset=\"https:\/\/www.etta.edu.mx\/blogu\/wp-content\/uploads\/2021\/08\/Unknown-7-150x150.jpeg 150w, https:\/\/www.etta.edu.mx\/blogu\/wp-content\/uploads\/2021\/08\/Unknown-7-60x60.jpeg 60w\" sizes=\"(max-width: 150px) 100vw, 150px\" \/>Da\u00f1os<\/h4>\n<p>A largo plazo, puede conllevar una condici\u00f3n neurol\u00f3gica conocida como \u201cneuralgia occipital\u201d donde los nervios occipitales, que van desde la parte superior de la m\u00e9dula espinal hasta el cuero cabelludo,\u00a0 se da\u00f1an generando migra\u00f1as, desorientaci\u00f3n y desmayos.<\/p>\n<h3><\/h3>\n<h3><\/h3>\n<h3><img decoding=\"async\" class=\"alignleft size-thumbnail wp-image-1940\" src=\"https:\/\/etta.edu.mx\/blogu\/wp-content\/uploads\/2021\/08\/Unknown-2-1-150x150.jpeg\" alt=\"\" width=\"150\" height=\"150\" srcset=\"https:\/\/www.etta.edu.mx\/blogu\/wp-content\/uploads\/2021\/08\/Unknown-2-1-150x150.jpeg 150w, https:\/\/www.etta.edu.mx\/blogu\/wp-content\/uploads\/2021\/08\/Unknown-2-1-60x60.jpeg 60w\" sizes=\"(max-width: 150px) 100vw, 150px\" \/>Lesiones<\/h3>\n<p>Lesiones en las manos, mu\u00f1ecas y codos por posturas incorrectas al utilizar estos dispositivos durante largos periodos de tiempo. La mayor\u00eda est\u00e1n relacionadas con la inflamaci\u00f3n de los tendones de la mu\u00f1eca, la m\u00e1s grave es el s\u00edndrome del t\u00fanel carpiano.<\/p>\n<h3><\/h3>\n<h3><\/h3>\n<h3>Quervain<\/h3>\n<p>En el caso de los dedos, el tener que sujetar el peso del dispositivo puede generar lo que se conoce como dedo en resorte o la tendinitis de Quervain al desplazarnos por la pantalla, lo m\u00e1s popular es un dolor intenso y p\u00e9rdida de fuerza en los dedos.<\/p>\n<h2><\/h2>\n<h2>Nervio cubital<\/h2>\n<p>Tambi\u00e9n se puede dar la lesi\u00f3n del nervio cubital en el codo al apoyarnos en los codos con los brazos estirados hacia arriba durante mucho tiempo.<\/p>\n<p>&nbsp;<\/p>\n<h3><img loading=\"lazy\" decoding=\"async\" class=\"alignleft size-thumbnail wp-image-1939\" src=\"https:\/\/etta.edu.mx\/blogu\/wp-content\/uploads\/2021\/08\/Unknown-1-1-150x150.jpeg\" alt=\"\" width=\"150\" height=\"150\" srcset=\"https:\/\/www.etta.edu.mx\/blogu\/wp-content\/uploads\/2021\/08\/Unknown-1-1-150x150.jpeg 150w, https:\/\/www.etta.edu.mx\/blogu\/wp-content\/uploads\/2021\/08\/Unknown-1-1-60x60.jpeg 60w\" sizes=\"(max-width: 150px) 100vw, 150px\" \/><\/h3>\n<h3>La vista<\/h3>\n<p>Problemas en la vista: La frecuencia de pesta\u00f1eo se reduce una tercera parte al estar concentrados en la pantalla, por lo que la falta de lubricaci\u00f3n en la retina puede llegar a alterar las condiciones anat\u00f3micas de la c\u00f3rnea, propiciar infecciones oculares y generar fatiga visual.<\/p>\n<p>&nbsp;<\/p>\n<h4>Perdida de visi\u00f3n<\/h4>\n<p>La exposici\u00f3n continua a pantallas brillantes potencia la p\u00e9rdida de la visi\u00f3n n\u00edtida, especialmente durante la noche. Asimismo, seg\u00fan un estudio publicado en la revista <em>Proceedings of the National Academy of Sciences<\/em> la luminosidad de las pantallas reduce la producci\u00f3n de melatonina en el cerebro, la hormona reguladora del sue\u00f1o, por lo que retrasa y reduce el sue\u00f1o REM, aumenta el estado de alerta por la noche y nos hace padecer insomnio.<\/p>\n<h4><\/h4>\n<h4>Perdida de audici\u00f3n<\/h4>\n<p>P\u00e9rdida de audici\u00f3n: El uso excesivo de dispositivos y auriculares para escuchar m\u00fasica, podcasts, ver videos o atender llamadas con niveles altos de volumen puede provocar da\u00f1os en el o\u00eddo interno que llevan a una disminuci\u00f3n de la capacidad auditiva, conocida como \u201ctrauma ac\u00fastico\u201d.<\/p>\n<p>&nbsp;<\/p>\n<p>&nbsp;<\/p>\n<p><img loading=\"lazy\" decoding=\"async\" class=\"alignleft size-thumbnail wp-image-1943\" src=\"https:\/\/etta.edu.mx\/blogu\/wp-content\/uploads\/2021\/08\/Unknown-5-1-150x150.jpeg\" alt=\"\" width=\"150\" height=\"150\" srcset=\"https:\/\/www.etta.edu.mx\/blogu\/wp-content\/uploads\/2021\/08\/Unknown-5-1-150x150.jpeg 150w, https:\/\/www.etta.edu.mx\/blogu\/wp-content\/uploads\/2021\/08\/Unknown-5-1-60x60.jpeg 60w\" sizes=\"(max-width: 150px) 100vw, 150px\" \/><\/p>\n<h3>Tinnitus<\/h3>\n<p>Asimismo, la exposici\u00f3n a ruidos fuertes puede ocasionar \u201ctinnitus\u201d que son timbres, zumbidos o silbidos en los o\u00eddos. Las recomendaciones para mantener seguros nuestros o\u00eddos es nunca superar el volumen m\u00e1s all\u00e1 del 60% y s\u00f3lo escuchar m\u00fasica con aud\u00edfonos durante 60 minutos al d\u00eda, si realizas muchas llamadas, procura hacer descansos regulares de, al menos, 5 minutos cada hora.<\/p>\n<p>&nbsp;<\/p>\n<p>&nbsp;<\/p>\n","protected":false},"excerpt":{"rendered":"<p>Datos de INEGI Seg\u00fan datos recogidos por el INEGI durante el pasado a\u00f1o 2020, en M\u00e9xico, exist\u00edan 84.1 millones de usuarios de Internet, lo que representa el 72.0% de la poblaci\u00f3n de seis a\u00f1os o m\u00e1s y 88.2 millones de usuarios de tel\u00e9fonos celulares, de los cuales el 91.8% son tel\u00e9fonos inteligentes o smartphones. &nbsp; [&hellip;]<\/p>\n","protected":false},"author":3,"featured_media":1937,"comment_status":"open","ping_status":"open","sticky":false,"template":"","format":"standard","meta":{"footnotes":""},"categories":[125,35,126],"tags":[36],"class_list":["post-1936","post","type-post","status-publish","format-standard","has-post-thumbnail","hentry","category-consejos","category-interes","category-salud-mental","tag-temas-de-interes"],"_links":{"self":[{"href":"https:\/\/www.etta.edu.mx\/blogu\/wp-json\/wp\/v2\/posts\/1936","targetHints":{"allow":["GET"]}}],"collection":[{"href":"https:\/\/www.etta.edu.mx\/blogu\/wp-json\/wp\/v2\/posts"}],"about":[{"href":"https:\/\/www.etta.edu.mx\/blogu\/wp-json\/wp\/v2\/types\/post"}],"author":[{"embeddable":true,"href":"https:\/\/www.etta.edu.mx\/blogu\/wp-json\/wp\/v2\/users\/3"}],"replies":[{"embeddable":true,"href":"https:\/\/www.etta.edu.mx\/blogu\/wp-json\/wp\/v2\/comments?post=1936"}],"version-history":[{"count":1,"href":"https:\/\/www.etta.edu.mx\/blogu\/wp-json\/wp\/v2\/posts\/1936\/revisions"}],"predecessor-version":[{"id":1944,"href":"https:\/\/www.etta.edu.mx\/blogu\/wp-json\/wp\/v2\/posts\/1936\/revisions\/1944"}],"wp:featuredmedia":[{"embeddable":true,"href":"https:\/\/www.etta.edu.mx\/blogu\/wp-json\/wp\/v2\/media\/1937"}],"wp:attachment":[{"href":"https:\/\/www.etta.edu.mx\/blogu\/wp-json\/wp\/v2\/media?parent=1936"}],"wp:term":[{"taxonomy":"category","embeddable":true,"href":"https:\/\/www.etta.edu.mx\/blogu\/wp-json\/wp\/v2\/categories?post=1936"},{"taxonomy":"post_tag","embeddable":true,"href":"https:\/\/www.etta.edu.mx\/blogu\/wp-json\/wp\/v2\/tags?post=1936"}],"curies":[{"name":"wp","href":"https:\/\/api.w.org\/{rel}","templated":true}]}}