{"id":1970,"date":"2021-08-12T23:04:34","date_gmt":"2021-08-13T04:04:34","guid":{"rendered":"https:\/\/blog-test.local\/?p=1970"},"modified":"2021-08-12T23:04:34","modified_gmt":"2021-08-13T04:04:34","slug":"que-es-el-sindrome-de-boreout-y-como-enfrentarlo","status":"publish","type":"post","link":"https:\/\/www.etta.edu.mx\/blogu\/que-es-el-sindrome-de-boreout-y-como-enfrentarlo\/","title":{"rendered":"\u00bfQu\u00e9 es el s\u00edndrome de boreout y c\u00f3mo enfrentarlo?"},"content":{"rendered":"<h1>Insatisfacci\u00f3n laboral<\/h1>\n<p><img decoding=\"async\" class=\"wp-image-1974 alignright\" src=\"https:\/\/etta.edu.mx\/blogu\/wp-content\/uploads\/2021\/08\/Unknown-3-2-150x150.jpeg\" alt=\"\" width=\"174\" height=\"174\" srcset=\"https:\/\/www.etta.edu.mx\/blogu\/wp-content\/uploads\/2021\/08\/Unknown-3-2-150x150.jpeg 150w, https:\/\/www.etta.edu.mx\/blogu\/wp-content\/uploads\/2021\/08\/Unknown-3-2-60x60.jpeg 60w\" sizes=\"(max-width: 174px) 100vw, 174px\" \/><\/p>\n<p>Seg\u00fan el reporte global efectuado en 2020 por Steelcase sobre el nivel de compromiso en el lugar de trabajo a nivel global, aproximadamente el 22% de los trabajadores mexicanos se encuentra insatisfecho en su puesto de trabajo y, seg\u00fan datos recabados en 2019 por la Organizaci\u00f3n Mundial de la Salud (OMS), M\u00e9xico se encuentra en la primera posici\u00f3n en lo que a estr\u00e9s laboral se refiere con un porcentaje del 75%,<\/p>\n<h2><\/h2>\n<p>&nbsp;<\/p>\n<h2>Nuevo sindrome laboral &#8211; boreout<\/h2>\n<p><img decoding=\"async\" class=\"alignleft  wp-image-1975\" src=\"https:\/\/etta.edu.mx\/blogu\/wp-content\/uploads\/2021\/08\/Unknown-4-2-150x150.jpeg\" alt=\"\" width=\"186\" height=\"186\" srcset=\"https:\/\/www.etta.edu.mx\/blogu\/wp-content\/uploads\/2021\/08\/Unknown-4-2-150x150.jpeg 150w, https:\/\/www.etta.edu.mx\/blogu\/wp-content\/uploads\/2021\/08\/Unknown-4-2-60x60.jpeg 60w\" sizes=\"(max-width: 186px) 100vw, 186px\" \/><\/p>\n<p>Boreout procede del t\u00e9rmino ingl\u00e9s \u201cbore\u201d que significa \u201caburrimiento\u201d y fue utilizado por primera vez en 2007 por los expertos suizos en gesti\u00f3n de empresas: Phillippe Rothlin y Peter Werder en su libro titulado \u201cEl nuevo s\u00edndrome laboral boreout: recupera la motivaci\u00f3n\u201d. Si bien el s\u00edndrome parece algo novedoso, la situaci\u00f3n referida as\u00ed como sus causas y consecuencias llevan much\u00edsimos a\u00f1os presentes de forma silenciosa y an\u00f3nima en el mundo laboral.<\/p>\n<p>&nbsp;<\/p>\n<p>&nbsp;<\/p>\n<h2>Falta de retos y desafios<\/h2>\n<p>Se trata de aquellos trabajadores que padecen una desmotivaci\u00f3n cr\u00f3nica ocasionada fundamentalmente por la falta de reto y desaf\u00edo a su capacidad intelectual y productiva y que, por lo tanto, genera un desinter\u00e9s y un rendimiento laboral poco satisfactorio. Existen tres factores clave para desarrollar este desorden psicol\u00f3gico: la falta de prop\u00f3sito y vinculaci\u00f3n, la falta de desaf\u00edo intelectual y la falta de proyecci\u00f3n y crecimiento laboral.<\/p>\n<p>&nbsp;<\/p>\n<p>&nbsp;<\/p>\n<h3>Perdidas econ\u00f3micas<\/h3>\n<p>El boreout da\u00f1a la productividad adem\u00e1s de la salud mental y emocional individual y organizacional, pudiendo llegar a provocar p\u00e9rdidas econ\u00f3micas y de capital humano importantes al desarrollar ansiedad y\/o depresi\u00f3n.<\/p>\n<p>&nbsp;<\/p>\n<h2>Sindrome de la silla vac\u00eda<\/h2>\n<p><img decoding=\"async\" class=\"alignleft  wp-image-1973\" src=\"https:\/\/etta.edu.mx\/blogu\/wp-content\/uploads\/2021\/08\/Unknown-2-2-150x150.jpeg\" alt=\"\" width=\"187\" height=\"187\" srcset=\"https:\/\/www.etta.edu.mx\/blogu\/wp-content\/uploads\/2021\/08\/Unknown-2-2-150x150.jpeg 150w, https:\/\/www.etta.edu.mx\/blogu\/wp-content\/uploads\/2021\/08\/Unknown-2-2-60x60.jpeg 60w\" sizes=\"(max-width: 187px) 100vw, 187px\" \/><\/p>\n<p>La desgana y el aburrimiento propician el ausentismo laboral pero tambi\u00e9n el presentismo laboral o el s\u00edndrome de la silla vac\u00eda que consiste en acudir al centro laboral para realizar otras actividades no relacionadas con el puesto de trabajo.<\/p>\n<p>&nbsp;<\/p>\n<p>&nbsp;<\/p>\n<p>&nbsp;<\/p>\n<h3><\/h3>\n<h3>Mejorar el clima laboral<\/h3>\n<p>Por todo lo anterior es importante que, tanto la organizaci\u00f3n como los empleados, tengan muy claro los efectos negativos del aburrimiento cr\u00f3nico y apuesten por una lucha activa contra la desgana y el tiempo desperdiciado porque, como dice el dicho, \u201cel tiempo es oro\u201d y desperdiciarlo nos hace sentir un tremendo vac\u00edo existencial.<\/p>\n<h3><\/h3>\n<p>&nbsp;<\/p>\n<h3><img loading=\"lazy\" decoding=\"async\" class=\"alignleft size-thumbnail wp-image-1961\" src=\"https:\/\/etta.edu.mx\/blogu\/wp-content\/uploads\/2021\/08\/caos-4-150x150.png\" alt=\"\" width=\"150\" height=\"150\" srcset=\"https:\/\/www.etta.edu.mx\/blogu\/wp-content\/uploads\/2021\/08\/caos-4-150x150.png 150w, https:\/\/www.etta.edu.mx\/blogu\/wp-content\/uploads\/2021\/08\/caos-4-60x60.png 60w\" sizes=\"(max-width: 150px) 100vw, 150px\" \/>T\u00e9cnicas de manejo del estr\u00e9s<\/h3>\n<p>Para combatir este s\u00edndrome de forma personal, los empleados pueden utilizar t\u00e9cnicas de manejo del estr\u00e9s y relajaci\u00f3n adem\u00e1s de t\u00e9cnicas para reestructurar los pensamientos destructivos y negativos mediante la repetici\u00f3n de frases alentadoras y motivadoras (creer para crear), adem\u00e1s de aprender a premiarse y reconocerse.<\/p>\n<p>&nbsp;<\/p>\n","protected":false},"excerpt":{"rendered":"<p>Insatisfacci\u00f3n laboral Seg\u00fan el reporte global efectuado en 2020 por Steelcase sobre el nivel de compromiso en el lugar de trabajo a nivel global, aproximadamente el 22% de los trabajadores mexicanos se encuentra insatisfecho en su puesto de trabajo y, seg\u00fan datos recabados en 2019 por la Organizaci\u00f3n Mundial de la Salud (OMS), M\u00e9xico se [&hellip;]<\/p>\n","protected":false},"author":3,"featured_media":1971,"comment_status":"open","ping_status":"open","sticky":false,"template":"","format":"standard","meta":{"footnotes":""},"categories":[126,109],"tags":[36],"class_list":["post-1970","post","type-post","status-publish","format-standard","has-post-thumbnail","hentry","category-salud-mental","category-vida-diaria","tag-temas-de-interes"],"_links":{"self":[{"href":"https:\/\/www.etta.edu.mx\/blogu\/wp-json\/wp\/v2\/posts\/1970","targetHints":{"allow":["GET"]}}],"collection":[{"href":"https:\/\/www.etta.edu.mx\/blogu\/wp-json\/wp\/v2\/posts"}],"about":[{"href":"https:\/\/www.etta.edu.mx\/blogu\/wp-json\/wp\/v2\/types\/post"}],"author":[{"embeddable":true,"href":"https:\/\/www.etta.edu.mx\/blogu\/wp-json\/wp\/v2\/users\/3"}],"replies":[{"embeddable":true,"href":"https:\/\/www.etta.edu.mx\/blogu\/wp-json\/wp\/v2\/comments?post=1970"}],"version-history":[{"count":1,"href":"https:\/\/www.etta.edu.mx\/blogu\/wp-json\/wp\/v2\/posts\/1970\/revisions"}],"predecessor-version":[{"id":1976,"href":"https:\/\/www.etta.edu.mx\/blogu\/wp-json\/wp\/v2\/posts\/1970\/revisions\/1976"}],"wp:featuredmedia":[{"embeddable":true,"href":"https:\/\/www.etta.edu.mx\/blogu\/wp-json\/wp\/v2\/media\/1971"}],"wp:attachment":[{"href":"https:\/\/www.etta.edu.mx\/blogu\/wp-json\/wp\/v2\/media?parent=1970"}],"wp:term":[{"taxonomy":"category","embeddable":true,"href":"https:\/\/www.etta.edu.mx\/blogu\/wp-json\/wp\/v2\/categories?post=1970"},{"taxonomy":"post_tag","embeddable":true,"href":"https:\/\/www.etta.edu.mx\/blogu\/wp-json\/wp\/v2\/tags?post=1970"}],"curies":[{"name":"wp","href":"https:\/\/api.w.org\/{rel}","templated":true}]}}