{"id":2053,"date":"2021-09-01T22:55:55","date_gmt":"2021-09-02T03:55:55","guid":{"rendered":"https:\/\/blog-test.local\/?p=2053"},"modified":"2021-09-01T22:55:55","modified_gmt":"2021-09-02T03:55:55","slug":"los-desechos-de-la-emergencia-sanitaria-una-nueva-amenaza-medioambiental","status":"publish","type":"post","link":"https:\/\/www.etta.edu.mx\/blogu\/los-desechos-de-la-emergencia-sanitaria-una-nueva-amenaza-medioambiental\/","title":{"rendered":"Los desechos de la emergencia sanitaria: una nueva amenaza medioambiental"},"content":{"rendered":"<h1><img decoding=\"async\" class=\"alignleft  wp-image-2059\" src=\"https:\/\/etta.edu.mx\/blogu\/wp-content\/uploads\/2021\/09\/IMAGEN-5-150x150.jpg\" alt=\"\" width=\"203\" height=\"203\" srcset=\"https:\/\/www.etta.edu.mx\/blogu\/wp-content\/uploads\/2021\/09\/IMAGEN-5-150x150.jpg 150w, https:\/\/www.etta.edu.mx\/blogu\/wp-content\/uploads\/2021\/09\/IMAGEN-5-60x60.jpg 60w\" sizes=\"(max-width: 203px) 100vw, 203px\" \/>Los estragos del covid para el medio ambiente<\/h1>\n<p>Enero del 2020, la OMS declar\u00f3 el inicio de la emergencia sanitaria del virus SARS-CoV-2,\u00a0 conocido como COVID-19. Sin duda, la emergencia sanitaria vino acompa\u00f1ada de una serie de recomendaciones para detener los contagios como el uso de cubrebocas, guantes, distanciamiento f\u00edsico y aislamiento as\u00ed como una gran variedad de pruebas para detectar la enfermedad.<\/p>\n<p>Un a\u00f1o despu\u00e9s, a\u00fan seguimos intentando detener la propagaci\u00f3n de la enfermedad pero se han comenzado a ver los estragos en el medio ambiente por la forma de consumo de estos productos as\u00ed como el tratamiento de los residuos.<\/p>\n<h2><\/h2>\n<p>&nbsp;<\/p>\n<h2><img decoding=\"async\" class=\"alignleft  wp-image-2034\" src=\"https:\/\/etta.edu.mx\/blogu\/wp-content\/uploads\/2021\/08\/desacelerar-2-150x150.png\" alt=\"\" width=\"204\" height=\"204\" srcset=\"https:\/\/www.etta.edu.mx\/blogu\/wp-content\/uploads\/2021\/08\/desacelerar-2-150x150.png 150w, https:\/\/www.etta.edu.mx\/blogu\/wp-content\/uploads\/2021\/08\/desacelerar-2-60x60.png 60w\" sizes=\"(max-width: 204px) 100vw, 204px\" \/>Ausencia de reglas en el tratamiento de los residuos<\/h2>\n<p>Existe una falta de lineamientos por parte de los gobiernos para tratar estos residuos de forma no s\u00f3lo responsable con el medio ambiente sino tambi\u00e9n con el tratamiento seguro desde el punto de vista de la salud ya que, al entrar en contacto con la saliva se convierten en residuos m\u00e9dicos que no deben desecharse de cualquier forma ni en cualquier lugar.<\/p>\n<p>Entonces, c\u00f3mo es posible que se encuentren cubrebocas y guantes en los oc\u00e9anos y en las playas de todo el mundo, desde Hong-Kong hasta el Lago de Amatitl\u00e1n en Guatemala.<\/p>\n<p>&nbsp;<\/p>\n<p>&nbsp;<\/p>\n<p>&nbsp;<\/p>\n<h3><img fetchpriority=\"high\" decoding=\"async\" class=\"alignleft  wp-image-2057\" src=\"https:\/\/etta.edu.mx\/blogu\/wp-content\/uploads\/2021\/09\/IMAGEN-3-1-150x150.jpg\" alt=\"\" width=\"274\" height=\"274\" srcset=\"https:\/\/www.etta.edu.mx\/blogu\/wp-content\/uploads\/2021\/09\/IMAGEN-3-1-150x150.jpg 150w, https:\/\/www.etta.edu.mx\/blogu\/wp-content\/uploads\/2021\/09\/IMAGEN-3-1-60x60.jpg 60w\" sizes=\"(max-width: 274px) 100vw, 274px\" \/><\/h3>\n<h3>129 K de cubrebocas y 65 k de guantes arrojados al medioambiente<\/h3>\n<p>Doug Cress, V.P. de conservaci\u00f3n de la Asociaci\u00f3n Ocean Conservancy, declara que, mensualmente, arrojamos. indiscriminadamente al ambiente 129,000 millones de cubrebocas y 65,000 millones de guantes de pl\u00e1stico. Seg\u00fan Forbes M\u00e9xico, un mexicano genera al mes 2 kilos de cubrebocas m\u00e1s los 28 kilos que ya produc\u00eda antes en promedio y, lo m\u00e1s grave de todo esto, es que el 90% de los desechos en Am\u00e9rica Latina y el Caribe no se recicla y termina en vertederos, r\u00edos, lagos y oc\u00e9anos.<\/p>\n<p>&nbsp;<\/p>\n<h3><\/h3>\n<h3>El cubrebocas tarda mas de 400 a\u00f1os en desintegrarse<\/h3>\n<p>Un solo cubrebocas desechable tarda m\u00e1s de 400 a\u00f1os en desintegrarse. Adem\u00e1s, su composici\u00f3n en m\u00faltiples capas hace imposible su reciclaje sin olvidar el ya mencionado riesgo biol\u00f3gico que representa.<\/p>\n<p>&nbsp;<\/p>\n<p>&nbsp;<\/p>\n<h3><img loading=\"lazy\" decoding=\"async\" class=\"alignleft  wp-image-2058\" src=\"https:\/\/etta.edu.mx\/blogu\/wp-content\/uploads\/2021\/09\/IMAGEN-4-1-150x150.jpg\" alt=\"\" width=\"208\" height=\"208\" srcset=\"https:\/\/www.etta.edu.mx\/blogu\/wp-content\/uploads\/2021\/09\/IMAGEN-4-1-150x150.jpg 150w, https:\/\/www.etta.edu.mx\/blogu\/wp-content\/uploads\/2021\/09\/IMAGEN-4-1-60x60.jpg 60w\" sizes=\"(max-width: 208px) 100vw, 208px\" \/>Islas de basura flotando en el mar<\/h3>\n<p>Este tremendo impacto se une a la crisis de los residuos pl\u00e1sticos, seg\u00fan una estimaci\u00f3n publicada en el 2018 por el Programa de las Naciones Unidas para el Medioambiente, m\u00e1s de 8 millones de toneladas de pl\u00e1stico acaban en los oc\u00e9anos cada a\u00f1o, la concentraci\u00f3n de pl\u00e1stico crece de forma tan acelerada que est\u00e1 dando lugar a grandes concentraciones de residuos flotantes, conocidos como \u201cislas de basura\u201d que ocupan una superficie actual de casi 18 millones de kil\u00f3metros cuadrados.<\/p>\n<h4><\/h4>\n<h4><\/h4>\n<p>&nbsp;<\/p>\n<h4><img loading=\"lazy\" decoding=\"async\" class=\"alignleft  wp-image-2056\" src=\"https:\/\/etta.edu.mx\/blogu\/wp-content\/uploads\/2021\/09\/IMAGEN-2-1-150x150.jpg\" alt=\"\" width=\"171\" height=\"171\" srcset=\"https:\/\/www.etta.edu.mx\/blogu\/wp-content\/uploads\/2021\/09\/IMAGEN-2-1-150x150.jpg 150w, https:\/\/www.etta.edu.mx\/blogu\/wp-content\/uploads\/2021\/09\/IMAGEN-2-1-60x60.jpg 60w\" sizes=\"(max-width: 171px) 100vw, 171px\" \/>Conciencia ante el uso de estos productos<\/h4>\n<p>Es de suma importancia que generemos una cultura\u00a0 y una conciencia ante el uso de estos productos de protecci\u00f3n personal incluso en tiempos de crisis porque, si bien son necesarios por cuestiones de salud p\u00fablica, tambi\u00e9n es importante no caer en conductas consumistas movidas por el p\u00e1nico y la paranoia para tomar decisiones responsables y conscientes.<\/p>\n<h3><\/h3>\n<p>&nbsp;<\/p>\n<p>&nbsp;<\/p>\n<h3><img loading=\"lazy\" decoding=\"async\" class=\"alignleft  wp-image-2055\" src=\"https:\/\/etta.edu.mx\/blogu\/wp-content\/uploads\/2021\/09\/IMAGEN-1-1-150x150.jpg\" alt=\"\" width=\"199\" height=\"199\" srcset=\"https:\/\/www.etta.edu.mx\/blogu\/wp-content\/uploads\/2021\/09\/IMAGEN-1-1-150x150.jpg 150w, https:\/\/www.etta.edu.mx\/blogu\/wp-content\/uploads\/2021\/09\/IMAGEN-1-1-60x60.jpg 60w\" sizes=\"(max-width: 199px) 100vw, 199px\" \/>Alternativas para minimizar el impacto<\/h3>\n<p>De este modo, la OMS sostiene que lavar y desinfectar las manos de forma frecuente ofrece mayor protecci\u00f3n que utilizar guantes de pl\u00e1stico en lugares p\u00fablicos, as\u00ed que evita utilizarlos y, si no est\u00e1s infectado o en riesgo alto de contagio, los cubrebocas de tela lavable ofrecen la suficiente protecci\u00f3n al lavarse despu\u00e9s de cada uso.<\/p>\n<p>&nbsp;<\/p>\n<p>&nbsp;<\/p>\n<p>&nbsp;<\/p>\n<h4>Si puedes deshecha estos productos en centros autorizados<\/h4>\n<p>Asimismo, es importante no desechar estos productos en la calle ni en el bote de la basura de nuestro hogar sino en centros autorizados para el tratamiento de estos residuos.\u00a0 Todo primer paso comienza con ser conscientes del problema, as\u00ed que la pr\u00f3xima vez que utilices y deseches tu cubrebocas piensa si tambi\u00e9n est\u00e1s haciendo tu parte para proteger el planeta.<\/p>\n<p>&nbsp;<\/p>\n<p>&nbsp;<\/p>\n<p>&nbsp;<\/p>\n","protected":false},"excerpt":{"rendered":"<p>Los estragos del covid para el medio ambiente Enero del 2020, la OMS declar\u00f3 el inicio de la emergencia sanitaria del virus SARS-CoV-2,\u00a0 conocido como COVID-19. Sin duda, la emergencia sanitaria vino acompa\u00f1ada de una serie de recomendaciones para detener los contagios como el uso de cubrebocas, guantes, distanciamiento f\u00edsico y aislamiento as\u00ed como una [&hellip;]<\/p>\n","protected":false},"author":3,"featured_media":2054,"comment_status":"open","ping_status":"open","sticky":false,"template":"","format":"standard","meta":{"footnotes":""},"categories":[114,35,128],"tags":[36],"class_list":["post-2053","post","type-post","status-publish","format-standard","has-post-thumbnail","hentry","category-cuidados-ante-covid-19","category-interes","category-medio-ambiente","tag-temas-de-interes"],"_links":{"self":[{"href":"https:\/\/www.etta.edu.mx\/blogu\/wp-json\/wp\/v2\/posts\/2053","targetHints":{"allow":["GET"]}}],"collection":[{"href":"https:\/\/www.etta.edu.mx\/blogu\/wp-json\/wp\/v2\/posts"}],"about":[{"href":"https:\/\/www.etta.edu.mx\/blogu\/wp-json\/wp\/v2\/types\/post"}],"author":[{"embeddable":true,"href":"https:\/\/www.etta.edu.mx\/blogu\/wp-json\/wp\/v2\/users\/3"}],"replies":[{"embeddable":true,"href":"https:\/\/www.etta.edu.mx\/blogu\/wp-json\/wp\/v2\/comments?post=2053"}],"version-history":[{"count":2,"href":"https:\/\/www.etta.edu.mx\/blogu\/wp-json\/wp\/v2\/posts\/2053\/revisions"}],"predecessor-version":[{"id":2061,"href":"https:\/\/www.etta.edu.mx\/blogu\/wp-json\/wp\/v2\/posts\/2053\/revisions\/2061"}],"wp:featuredmedia":[{"embeddable":true,"href":"https:\/\/www.etta.edu.mx\/blogu\/wp-json\/wp\/v2\/media\/2054"}],"wp:attachment":[{"href":"https:\/\/www.etta.edu.mx\/blogu\/wp-json\/wp\/v2\/media?parent=2053"}],"wp:term":[{"taxonomy":"category","embeddable":true,"href":"https:\/\/www.etta.edu.mx\/blogu\/wp-json\/wp\/v2\/categories?post=2053"},{"taxonomy":"post_tag","embeddable":true,"href":"https:\/\/www.etta.edu.mx\/blogu\/wp-json\/wp\/v2\/tags?post=2053"}],"curies":[{"name":"wp","href":"https:\/\/api.w.org\/{rel}","templated":true}]}}